{"id":543,"date":"2021-06-01T13:12:52","date_gmt":"2021-06-01T11:12:52","guid":{"rendered":"https:\/\/www.svkmo.cz\/?p=543"},"modified":"2022-05-31T11:43:54","modified_gmt":"2022-05-31T09:43:54","slug":"valna-hromada-svkmo-27-5-2021","status":"publish","type":"post","link":"https:\/\/www.svkmo.cz\/index.php\/2021\/06\/01\/valna-hromada-svkmo-27-5-2021\/","title":{"rendered":"Valn\u00e1 hromada SVKMO 27. 5. 2021"},"content":{"rendered":"<p>Dne 27. 5. 2021 se uskute\u010dnila <a href=\"https:\/\/www.svkmo.cz\/wp-content\/uploads\/2021\/06\/ZAPIS-VH-SVKMO-27.5.2021.pdf\">valn\u00e1 hromada<\/a> Svazu VKMO s.r.o. za p\u0159\u00edtomnosti z\u00e1stupc\u016f v\u0161ech spole\u010dn\u00edk\u016f.&nbsp;<\/p>\n<p><strong>Program jedn\u00e1n\u00ed valn\u00e9 hromady obchodn\u00ed spole\u010dnosti Svaz VKMO s. r. o. ze dne 27.5.2021<\/strong><\/p>\n<ol>\n<li>Zah\u00e1jen\u00ed VH Svazu VKMO s.r.o.<\/li>\n<li>Schv\u00e1len\u00ed jednac\u00edho a hlasovac\u00edho \u0159\u00e1du VH Svazu VKMO s.r.o.<\/li>\n<li>Volba p\u0159edsedy valn\u00e9 hromady, zapisovatele, dvou ov\u011b\u0159ovatel\u016f z\u00e1pisu a dvou osob pov\u011b\u0159en\u00fdch s\u010d\u00edt\u00e1n\u00edm hlas\u016f<\/li>\n<li>Schv\u00e1len\u00ed \u00fa\u010detn\u00ed z\u00e1v\u011brky VOD\u00c1RENSK\u00c9 AKCIOV\u00c9 SPOLE\u010cNOSTI, a.s., za rok 2020<\/li>\n<li>Schv\u00e1len\u00ed V\u00fdro\u010dn\u00ed zpr\u00e1vy VOD\u00c1RENSK\u00c9 AKCIOV\u00c9 SPOLE\u010cNOSTI, a.s., o podnikatelsk\u00e9 \u010dinnosti a o stavu jej\u00edho majetku za rok 2020<\/li>\n<li>Schv\u00e1len\u00ed Zpr\u00e1vy dozor\u010d\u00ed rady VOD\u00c1RENSK\u00c9 AKCIOV\u00c9 SPOLE\u010cNOSTI, a.s., o kontroln\u00ed \u010dinnosti, o p\u0159ezkoum\u00e1n\u00ed \u0159\u00e1dn\u00e9 \u00fa\u010detn\u00ed z\u00e1v\u011brky a n\u00e1vrhu na rozd\u011blen\u00ed zisku za rok 2020<\/li>\n<li>Schv\u00e1len\u00ed rozd\u011blen\u00ed zisku VOD\u00c1RENSK\u00c9 AKCIOV\u00c9 SPOLE\u010cNOSTI, a.s., za rok 2020<\/li>\n<li>Schv\u00e1len\u00ed Zpr\u00e1vy p\u0159edstavenstva VOD\u00c1RENSK\u00c9 AKCIOV\u00c9 SPOLE\u010cNOSTI, a.s., o vztaz\u00edch mezi ovl\u00e1daj\u00edc\u00ed a ovl\u00e1danou osobou za rok 2020<\/li>\n<\/ol>\n<ol start=\"9\">\n<li>Schv\u00e1len\u00ed zm\u011bny stanov VODARENSK\u00c9 AKCIOV\u00c9 SPOLE\u010cNOSTI, a. s. \u2013 podle kter\u00fdch: &nbsp;<\/li>\n<\/ol>\n<p>&#8211; \u010dl\u00e1nek 16. stanov nov\u011b zn\u00ed takto:<\/p>\n<p><strong><u>\u010cl\u00e1nek 16<\/u><\/strong><\/p>\n<p><strong><u>Rozhodov\u00e1n\u00ed p\u0159edstavenstva mimo zased\u00e1n\u00ed<\/u><\/strong><\/p>\n<ol>\n<li><u>P\u0159edstavenstvo je opr\u00e1vn\u011bno se usn\u00e1\u0161et a rozhodovat i mimo zased\u00e1n\u00ed, a to koresponden\u010dn\u011b (v&nbsp;p\u00edsemn\u00e9 form\u011b, p\u0159ipou\u0161t\u00ed se i e-mailem) nebo s&nbsp;vyu\u017eit\u00edm technick\u00fdch prost\u0159edk\u016f umo\u017e\u0148uj\u00edc\u00edch d\u00e1lkov\u00fd p\u0159enos zvukem a obrazem nebo jen zvukem nebo jin\u00fdm zp\u016fsobem komunikace mezi \u010dleny p\u0159edstavenstva navz\u00e1jem. <\/u><\/li>\n<li><u>Za p\u0159\u00edtomn\u00e9 se pova\u017euj\u00ed ti \u010dlenov\u00e9 p\u0159edstavenstva, kte\u0159\u00ed hlasuj\u00ed s&nbsp;t\u00edm, \u017ee budou zaps\u00e1ni v&nbsp;listin\u011b p\u0159\u00edtomn\u00fdch, kter\u00e1 se p\u0159ikl\u00e1d\u00e1 k&nbsp;z\u00e1pisu z&nbsp;jedn\u00e1n\u00ed p\u0159edstavenstva.<\/u><\/li>\n<li><u>P\u0159edstavenstvo m\u016f\u017ee p\u0159ijmout rozhodnut\u00ed i mimo zased\u00e1n\u00ed p\u00edsemn\u00fdm hlasov\u00e1n\u00edm nebo prost\u0159ednictv\u00edm elektronick\u00e9 po\u0161ty nebo s&nbsp;vyu\u017eit\u00edm technick\u00fdch prost\u0159edk\u016f umo\u017e\u0148uj\u00edc\u00edch d\u00e1lkov\u00fd p\u0159enos zvukem a obrazem nebo jen zvukem. <\/u><\/li>\n<li><u>O pr\u016fb\u011bhu jedn\u00e1n\u00ed p\u0159edstavenstva mimo zased\u00e1n\u00ed se po\u0159izuje z\u00e1pis se stejn\u00fdmi n\u00e1le\u017eitostmi, jak je uvedeno v&nbsp;\u010dl\u00e1nku 14 stanov.<\/u><\/li>\n<li><u>Ve\u0161ker\u00e9 \u010dinnosti spojen\u00e9 s&nbsp;organizac\u00ed a rozhodov\u00e1n\u00edm mimo zased\u00e1n\u00ed p\u0159edstavenstva zaji\u0161\u0165uje p\u0159edseda p\u0159edstavenstva, p\u0159\u00edpadn\u011b m\u00edstop\u0159edseda p\u0159edstavenstva.<\/u><\/li>\n<\/ol>\n<p>\u2013 \u010dl\u00e1nek 23. stanov nov\u011b zn\u00ed takto:<\/p>\n<p><strong><u>\u010cl\u00e1nek 23<\/u><\/strong><\/p>\n<p><strong><u>Rozhodov\u00e1n\u00ed dozor\u010d\u00ed rady mimo zased\u00e1n\u00ed<\/u><\/strong><\/p>\n<p><strong><u>&nbsp;<\/u><\/strong><\/p>\n<ol>\n<li><u>Dozor\u010d\u00ed rada je opr\u00e1vn\u011bna se usn\u00e1\u0161et a rozhodovat i mimo zased\u00e1n\u00ed, a to koresponden\u010dn\u011b (v&nbsp;p\u00edsemn\u00e9 form\u011b, p\u0159ipou\u0161t\u00ed se i e-mailem) nebo s&nbsp;vyu\u017eit\u00edm technick\u00fdch prost\u0159edk\u016f umo\u017e\u0148uj\u00edc\u00edch d\u00e1lkov\u00fd p\u0159enos zvukem a obrazem nebo jen zvukem nebo jin\u00fdm zp\u016fsobem komunikace mezi \u010dleny dozor\u010d\u00ed rady navz\u00e1jem.<\/u><\/li>\n<li><u>Za p\u0159\u00edtomn\u00e9 se pova\u017euj\u00ed ti \u010dlenov\u00e9 dozor\u010d\u00ed rady, kte\u0159\u00ed hlasuj\u00ed s&nbsp;t\u00edm, \u017ee budou zaps\u00e1ni v&nbsp;listin\u011b p\u0159\u00edtomn\u00fdch, kter\u00e1 se p\u0159ikl\u00e1d\u00e1 k&nbsp;z\u00e1pisu z&nbsp;jedn\u00e1n\u00ed dozor\u010d\u00ed rady.<\/u><\/li>\n<li><u>Dozor\u010d\u00ed rada m\u016f\u017ee p\u0159ijmout rozhodnut\u00ed i mimo zased\u00e1n\u00ed p\u00edsemn\u00fdm hlasov\u00e1n\u00edm nebo prost\u0159ednictv\u00edm elektronick\u00e9 po\u0161ty nebo s&nbsp;vyu\u017eit\u00edm technick\u00fdch prost\u0159edk\u016f umo\u017e\u0148uj\u00edc\u00edch d\u00e1lkov\u00fd p\u0159enos zvukem a obrazem nebo jen zvukem.<\/u><\/li>\n<li><u>O pr\u016fb\u011bhu jedn\u00e1n\u00ed dozor\u010d\u00ed rady mimo zased\u00e1n\u00ed se po\u0159izuje z\u00e1pis se stejn\u00fdmi n\u00e1le\u017eitostmi, jak je&nbsp; vedeno v&nbsp;\u010dl\u00e1nku 21 stanov.<\/u><\/li>\n<li><u>Ve\u0161ker\u00e9 \u010dinnosti spojen\u00e9 s&nbsp;organizac\u00ed a rozhodov\u00e1n\u00edm mimo zased\u00e1n\u00ed dozor\u010d\u00ed rady zaji\u0161\u0165uje p\u0159edseda dozor\u010d\u00ed rady, p\u0159\u00edpadn\u011b jeho m\u00edstop\u0159edsedov\u00e9.<\/u><\/li>\n<\/ol>\n<ol>\n<li>Odstoupen\u00ed z&nbsp;funkce 1.m\u00edstop\u0159edsedy a \u010dlena dozor\u010d\u00ed rady VOD\u00c1RENSK\u00c1 AKCIOV\u00c1 SPOLE\u010cNOST, a.s. pana Franti\u0161ka Plavce<\/li>\n<li>Volba \u010dlena dozor\u010d\u00ed rady VOD\u00c1RENSK\u00c1 AKCIOV\u00c1 SPOLE\u010cNOST, a.s.<\/li>\n<li>&nbsp;Pov\u011b\u0159en\u00ed jednatel\u016f spole\u010dnosti Svaz VKMO s.r.o. k&nbsp;p\u0159ijet\u00ed rozhodnut\u00ed jedin\u00e9ho akcion\u00e1\u0159e p\u0159i v\u00fdkonu p\u016fsobnosti valn\u00e9 hromady spole\u010dnosti VOD\u00c1RENSK\u00c1 AKCIOV\u00c1 SPOLE\u010cNOST, a.s.<\/li>\n<li>Schv\u00e1len\u00ed \u010derp\u00e1n\u00ed rozpo\u010dtu Svazu VKMO s.r.o. za rok 2020<\/li>\n<li>Schv\u00e1len\u00ed n\u00e1vrhu rozpo\u010dtu Svazu VKMO s.r.o. na rok 2021<\/li>\n<li>Projedn\u00e1n\u00ed a schv\u00e1len\u00ed \u00fa\u010detn\u00ed z\u00e1v\u011brky Svazu VKMO s.r.o. za rok 2020<\/li>\n<li>Schv\u00e1len\u00ed konsolidovan\u00e9 \u00fa\u010detn\u00ed z\u00e1v\u011brky za rok 2020<\/li>\n<li>Rozd\u011blen\u00ed hospod\u00e1\u0159sk\u00e9ho v\u00fdsledku Svazu VKMO s.r.o. za rok 2020<\/li>\n<li>Schv\u00e1len\u00ed Zpr\u00e1vy spole\u010dnosti Svaz VKMO s.r.o. o vztaz\u00edch mezi propojen\u00fdmi osobami za rok 2020<\/li>\n<li>Odstoupen\u00ed p\u0159edsedy a \u010dlena dozor\u010d\u00ed rady SVKMO s.r.o. Ing. Lubom\u00edra \u0160m\u00edda<\/li>\n<li>Volba \u010dlena dozor\u010d\u00ed rady SVKMO s.r.o. za Svazek obc\u00ed pro vodovody a kanalizace \u0160lapanicko<\/li>\n<li>Odstoupen\u00ed \u010dlena dozor\u010d\u00ed rady SVKMO s.r.o. Ing. V\u00e1clava \u0160ikuly<\/li>\n<li>Volba \u010dlena dozor\u010d\u00ed rady SVKMO s.r.o. za Svazek vodovod\u016f a kanalizac\u00ed Ti\u0161novsko<\/li>\n<li>Odstoupen\u00ed jednatele SVKMO s.r.o. pana Franti\u0161ka Plavce<\/li>\n<li>Volba jednatele Svazu VKMO s.r.o. Mgr. Romana Fabe\u0161e<\/li>\n<li>Zpr\u00e1va dozor\u010d\u00ed rady Svazu VKMO s.r.o.<\/li>\n<li>Z\u00e1v\u011br<\/li>\n<\/ol>\n","protected":false},"excerpt":{"rendered":"<p>Dne 27. 5. 2021 se uskute\u010dnila valn\u00e1 hromada Svazu VKMO s.r.o. za p\u0159\u00edtomnosti z\u00e1stupc\u016f v\u0161ech spole\u010dn\u00edk\u016f.&nbsp; Program jedn\u00e1n\u00ed valn\u00e9 hromady &hellip; <\/p>\n","protected":false},"author":2,"featured_media":397,"comment_status":"closed","ping_status":"open","sticky":false,"template":"","format":"standard","meta":{"ngg_post_thumbnail":0,"footnotes":""},"categories":[4],"tags":[],"_links":{"self":[{"href":"https:\/\/www.svkmo.cz\/index.php\/wp-json\/wp\/v2\/posts\/543"}],"collection":[{"href":"https:\/\/www.svkmo.cz\/index.php\/wp-json\/wp\/v2\/posts"}],"about":[{"href":"https:\/\/www.svkmo.cz\/index.php\/wp-json\/wp\/v2\/types\/post"}],"author":[{"embeddable":true,"href":"https:\/\/www.svkmo.cz\/index.php\/wp-json\/wp\/v2\/users\/2"}],"replies":[{"embeddable":true,"href":"https:\/\/www.svkmo.cz\/index.php\/wp-json\/wp\/v2\/comments?post=543"}],"version-history":[{"count":4,"href":"https:\/\/www.svkmo.cz\/index.php\/wp-json\/wp\/v2\/posts\/543\/revisions"}],"predecessor-version":[{"id":548,"href":"https:\/\/www.svkmo.cz\/index.php\/wp-json\/wp\/v2\/posts\/543\/revisions\/548"}],"wp:featuredmedia":[{"embeddable":true,"href":"https:\/\/www.svkmo.cz\/index.php\/wp-json\/wp\/v2\/media\/397"}],"wp:attachment":[{"href":"https:\/\/www.svkmo.cz\/index.php\/wp-json\/wp\/v2\/media?parent=543"}],"wp:term":[{"taxonomy":"category","embeddable":true,"href":"https:\/\/www.svkmo.cz\/index.php\/wp-json\/wp\/v2\/categories?post=543"},{"taxonomy":"post_tag","embeddable":true,"href":"https:\/\/www.svkmo.cz\/index.php\/wp-json\/wp\/v2\/tags?post=543"}],"curies":[{"name":"wp","href":"https:\/\/api.w.org\/{rel}","templated":true}]}}