{"id":292,"date":"2019-09-18T11:00:59","date_gmt":"2019-09-18T09:00:59","guid":{"rendered":"https:\/\/www.svkmo.cz\/?p=292"},"modified":"2020-08-27T14:34:24","modified_gmt":"2020-08-27T12:34:24","slug":"svaz-vodovodu-a-kanalizaci-mest-a-obci-oslavil-20-vyroci","status":"publish","type":"post","link":"https:\/\/www.svkmo.cz\/index.php\/2019\/09\/18\/svaz-vodovodu-a-kanalizaci-mest-a-obci-oslavil-20-vyroci\/","title":{"rendered":"Svaz vodovod\u016f a kanalizac\u00ed m\u011bst a obc\u00ed oslavil 20. v\u00fdro\u010d\u00ed"},"content":{"rendered":"<p>Na slavnostn\u00edm setk\u00e1n\u00ed v&nbsp;aule Stavebn\u00ed fakulty Vysok\u00e9ho u\u010den\u00ed technick\u00e9ho v&nbsp;Brn\u011b oslavil dvac\u00e1t\u00e9 v\u00fdro\u010d\u00ed sv\u00e9ho vzniku Svaz vodovod\u016f a kanalizac\u00ed m\u011bst a obc\u00ed s.r.o. Akce, kter\u00e1 se uskute\u010dnila 13. z\u00e1\u0159\u00ed, se \u00fa\u010dastnila v\u00edce jak stovka v\u00fdznamn\u00fdch osobnost\u00ed z&nbsp;\u0159ad odborn\u00edk\u016f ve vod\u00e1renstv\u00ed, p\u0159edstavitel\u016f ministerstev, \u00fa\u0159ad\u016f, sou\u010dasn\u00fdch a b\u00fdval\u00fdch komun\u00e1ln\u00edch politik\u016f, ale tak\u00e9 dal\u0161\u00edch lid\u00ed, kte\u0159\u00ed se Svazem spolupracovali a spolupracuj\u00ed na \u0159ad\u011b v\u00fdznamn\u00fdch projekt\u016f.<\/p>\n<p>V&nbsp;r\u00e1mci konferen\u010dn\u00ed \u010d\u00e1sti shrnul prokurista spole\u010dnosti Ing. Josef Gut kl\u00ed\u010dov\u00e9 okam\u017eiky organizace v\u010detn\u011b v\u00fdznamn\u00fdch rozs\u00e1hl\u00fdch projekt\u016f nazvan\u00fdch Ochrana povod\u00ed \u0159eky Dyje I. a II., d\u00edky nim\u017e se poda\u0159ilo zajistit odv\u00e1d\u011bn\u00ed a \u010di\u0161t\u011bn\u00ed odpadn\u00edch vod z&nbsp;\u0159ady lokalit v&nbsp;Jihomoravsk\u00e9m kraji i v&nbsp;Kraji Vyso\u010dina.<\/p>\n<p>Mezi \u0159e\u010dn\u00edky vystoupil tak\u00e9 n\u00e1m\u011bstek pro \u0159\u00edzen\u00ed sekce fond\u016f EU Ministerstva \u017eivotn\u00edho prost\u0159ed\u00ed Ing. Jan K\u0159\u00ed\u017e, kter\u00fd zd\u016fraznil v\u00fdznam projekt\u016f zaji\u0161\u0165uj\u00edc\u00ed ochranu povod\u00ed \u0159eky Dyje, ale takt\u00e9\u017e p\u0159edstavil mo\u017enosti p\u0159ipravovan\u00fdch dota\u010dn\u00edch projekt\u016f v&nbsp;oblasti vod\u00e1renstv\u00ed a boje se suchem. O tom, jak se vyv\u00edj\u00ed klimatick\u00e9 zm\u011bny v&nbsp;tuzemsku a jak\u00e9 mohou m\u00edt dopady, v&nbsp;pr\u016fb\u011bhu semin\u00e1\u0159e hovo\u0159il profesor Michal V. Marek \u2013 \u0159editel Centra v\u00fdzkumu glob\u00e1ln\u00ed zm\u011bny Akademie v\u011bd \u010cesk\u00e9 republiky v&nbsp;Brn\u011b. Tyto v\u011bdeck\u00e9 poznatky se staly podn\u011btem k&nbsp;p\u0159\u00edprav\u011b dal\u0161\u00edho z&nbsp;projekt\u016f, kter\u00e9ho je Svaz VKMO s.r.o. zakl\u00e1daj\u00edc\u00edm \u010dlenem, projektu SUWAC, jen\u017e m\u00e1 \u0159e\u0161it dopady klimatick\u00fdch zm\u011bn do z\u00e1sobov\u00e1n\u00ed obyvatel pitnou vodou.<\/p>\n<p>Svaz VKMO s. r. o. je takt\u00e9\u017e jedin\u00fdm akcion\u00e1\u0159em VOD\u00c1RENSK\u00c9 AKCIOV\u00c9 SPOLE\u010cNOSTI, a.s., kter\u00e1 provozuje vodovody a kanalizace pro v\u00edce jak 700 obc\u00ed. Jej\u00ed strategick\u00e9 z\u00e1m\u011bry p\u0159ibl\u00ed\u017eil p\u0159edseda p\u0159edstavenstva Ing. Jind\u0159ich Kr\u00e1l a gener\u00e1ln\u00ed \u0159editel spole\u010dnosti Ing. Lubom\u00edr Gloc.<\/p>\n<p>Slavnostn\u00ed atmosf\u00e9ru dokreslilo nezapomenuteln\u00e9 vystoupen\u00ed brn\u011bnsk\u00e9ho kontrabasov\u00e9ho orchestru pod veden\u00edm profesora Jel\u00ednka.<\/p>\n<p>&nbsp;<\/p>\n<p><img decoding=\"async\" loading=\"lazy\" class=\"size-medium wp-image-289\" src=\"https:\/\/www.svkmo.cz\/wp-content\/uploads\/2019\/09\/DSC_0257-e1568796373630-200x300.jpg\" alt=\"\" width=\"200\" height=\"300\" srcset=\"https:\/\/www.svkmo.cz\/wp-content\/uploads\/2019\/09\/DSC_0257-e1568796373630-200x300.jpg 200w, https:\/\/www.svkmo.cz\/wp-content\/uploads\/2019\/09\/DSC_0257-e1568796373630.jpg 683w\" sizes=\"(max-width: 200px) 100vw, 200px\" \/>&nbsp; &nbsp;&nbsp;&nbsp; <img decoding=\"async\" loading=\"lazy\" class=\" wp-image-284 alignleft\" src=\"https:\/\/www.svkmo.cz\/wp-content\/uploads\/2019\/09\/DSC_0238-200x300.jpg\" alt=\"\" width=\"187\" height=\"281\" srcset=\"https:\/\/www.svkmo.cz\/wp-content\/uploads\/2019\/09\/DSC_0238-200x300.jpg 200w, https:\/\/www.svkmo.cz\/wp-content\/uploads\/2019\/09\/DSC_0238-768x1152.jpg 768w, https:\/\/www.svkmo.cz\/wp-content\/uploads\/2019\/09\/DSC_0238-683x1024.jpg 683w\" sizes=\"(max-width: 187px) 100vw, 187px\" \/> <img decoding=\"async\" loading=\"lazy\" class=\"alignnone size-medium wp-image-281\" src=\"https:\/\/www.svkmo.cz\/wp-content\/uploads\/2019\/09\/DSC_0129-300x157.jpg\" alt=\"\" width=\"300\" height=\"157\" srcset=\"https:\/\/www.svkmo.cz\/wp-content\/uploads\/2019\/09\/DSC_0129-300x157.jpg 300w, https:\/\/www.svkmo.cz\/wp-content\/uploads\/2019\/09\/DSC_0129-768x403.jpg 768w, https:\/\/www.svkmo.cz\/wp-content\/uploads\/2019\/09\/DSC_0129-1024x538.jpg 1024w\" sizes=\"(max-width: 300px) 100vw, 300px\" \/><\/p>\n<p><img decoding=\"async\" loading=\"lazy\" class=\"size-medium wp-image-291 alignleft\" src=\"https:\/\/www.svkmo.cz\/wp-content\/uploads\/2019\/09\/DSC_0504-300x223.jpg\" alt=\"\" width=\"300\" height=\"223\" srcset=\"https:\/\/www.svkmo.cz\/wp-content\/uploads\/2019\/09\/DSC_0504-300x223.jpg 300w, https:\/\/www.svkmo.cz\/wp-content\/uploads\/2019\/09\/DSC_0504-768x570.jpg 768w, https:\/\/www.svkmo.cz\/wp-content\/uploads\/2019\/09\/DSC_0504.jpg 1024w\" sizes=\"(max-width: 300px) 100vw, 300px\" \/><\/p>\n<p>&nbsp;<\/p>\n<p>&nbsp; &nbsp; <img decoding=\"async\" loading=\"lazy\" class=\" wp-image-283 alignright\" src=\"https:\/\/www.svkmo.cz\/wp-content\/uploads\/2019\/09\/DSC_0156-300x200.jpg\" alt=\"\" width=\"369\" height=\"246\" srcset=\"https:\/\/www.svkmo.cz\/wp-content\/uploads\/2019\/09\/DSC_0156-300x200.jpg 300w, https:\/\/www.svkmo.cz\/wp-content\/uploads\/2019\/09\/DSC_0156-768x512.jpg 768w, https:\/\/www.svkmo.cz\/wp-content\/uploads\/2019\/09\/DSC_0156-1024x683.jpg 1024w\" sizes=\"(max-width: 369px) 100vw, 369px\" \/><\/p>\n<p>&nbsp;<\/p>\n","protected":false},"excerpt":{"rendered":"<p>Na slavnostn\u00edm setk\u00e1n\u00ed v&nbsp;aule Stavebn\u00ed fakulty Vysok\u00e9ho u\u010den\u00ed technick\u00e9ho v&nbsp;Brn\u011b oslavil dvac\u00e1t\u00e9 v\u00fdro\u010d\u00ed sv\u00e9ho vzniku Svaz vodovod\u016f a kanalizac\u00ed m\u011bst &hellip; <\/p>\n","protected":false},"author":2,"featured_media":283,"comment_status":"closed","ping_status":"open","sticky":false,"template":"","format":"standard","meta":{"ngg_post_thumbnail":0,"footnotes":""},"categories":[4],"tags":[],"_links":{"self":[{"href":"https:\/\/www.svkmo.cz\/index.php\/wp-json\/wp\/v2\/posts\/292"}],"collection":[{"href":"https:\/\/www.svkmo.cz\/index.php\/wp-json\/wp\/v2\/posts"}],"about":[{"href":"https:\/\/www.svkmo.cz\/index.php\/wp-json\/wp\/v2\/types\/post"}],"author":[{"embeddable":true,"href":"https:\/\/www.svkmo.cz\/index.php\/wp-json\/wp\/v2\/users\/2"}],"replies":[{"embeddable":true,"href":"https:\/\/www.svkmo.cz\/index.php\/wp-json\/wp\/v2\/comments?post=292"}],"version-history":[{"count":3,"href":"https:\/\/www.svkmo.cz\/index.php\/wp-json\/wp\/v2\/posts\/292\/revisions"}],"predecessor-version":[{"id":402,"href":"https:\/\/www.svkmo.cz\/index.php\/wp-json\/wp\/v2\/posts\/292\/revisions\/402"}],"wp:featuredmedia":[{"embeddable":true,"href":"https:\/\/www.svkmo.cz\/index.php\/wp-json\/wp\/v2\/media\/283"}],"wp:attachment":[{"href":"https:\/\/www.svkmo.cz\/index.php\/wp-json\/wp\/v2\/media?parent=292"}],"wp:term":[{"taxonomy":"category","embeddable":true,"href":"https:\/\/www.svkmo.cz\/index.php\/wp-json\/wp\/v2\/categories?post=292"},{"taxonomy":"post_tag","embeddable":true,"href":"https:\/\/www.svkmo.cz\/index.php\/wp-json\/wp\/v2\/tags?post=292"}],"curies":[{"name":"wp","href":"https:\/\/api.w.org\/{rel}","templated":true}]}}